{"id":28389,"date":"2024-09-06T18:36:54","date_gmt":"2024-09-06T16:36:54","guid":{"rendered":"https:\/\/wordpress.prod.adler.projects.sma-dev.de\/?post_type=news&#038;p=28389"},"modified":"2025-02-10T10:51:40","modified_gmt":"2025-02-10T09:51:40","slug":"intersolar-south-america","status":"publish","type":"news","link":"https:\/\/www.adlerelectric.com\/de\/news\/intersolar-south-america\/","title":{"rendered":"Intersolar South America"},"content":{"rendered":"\n<figure class=\"wp-block-image size-large\"><img decoding=\"async\" width=\"1024\" height=\"683\" data-src=\"https:\/\/www.adlerelectric.com\/uploads\/2024\/09\/1724893424186-1-1024x683.jpg\" alt=\"\" class=\"wp-image-493 lazyload\" data-srcset=\"https:\/\/www.adlerelectric.com\/uploads\/2024\/09\/1724893424186-1-1024x683.jpg 1024w, https:\/\/www.adlerelectric.com\/uploads\/2024\/09\/1724893424186-1-600x400.jpg 600w, https:\/\/www.adlerelectric.com\/uploads\/2024\/09\/1724893424186-1-300x200.jpg 300w, https:\/\/www.adlerelectric.com\/uploads\/2024\/09\/1724893424186-1-768x512.jpg 768w, https:\/\/www.adlerelectric.com\/uploads\/2024\/09\/1724893424186-1-1536x1024.jpg 1536w, https:\/\/www.adlerelectric.com\/uploads\/2024\/09\/1724893424186-1.jpg 2048w\" data-sizes=\"(max-width: 1024px) 100vw, 1024px\" src=\"data:image\/svg+xml;base64,PHN2ZyB3aWR0aD0iMSIgaGVpZ2h0PSIxIiB4bWxucz0iaHR0cDovL3d3dy53My5vcmcvMjAwMC9zdmciPjwvc3ZnPg==\" style=\"--smush-placeholder-width: 1024px; --smush-placeholder-aspect-ratio: 1024\/683;\" \/><\/figure>\n\n\n\n<div style=\"height:40px\" aria-hidden=\"true\" class=\"wp-block-spacer\"><\/div>\n\n\n\n<p>In der Woche vom 26.-30. August fand in S\u00e3o Paulo die Intersolar South America statt, Teil der &#8222;The smarter E South America&#8220; und eine der wichtigsten Photovoltaikmessen in Latein- und S\u00fcdamerika. Wir waren vor Ort, mit einem eigenen Stand innerhalb des Deutschen Pavillons, direkt am Eingang der Messe zu finden und unser Kollege Herr Charles Julien (mittig im Bild) pr\u00e4sentierte unsere L\u00f6sungen f\u00fcr verschiedenste Anwendungsf\u00e4lle im PV-Bereich. Wir konnten wieder einige neue Kontakte schlie\u00dfen, sowie bestehende Beziehungen pflegen und spannende Diskussionen f\u00fchren. Ebenso wurde uns die Ehre zuteil in der Lounge des Deutschen Pavillons eine Rede \u00fcber die neuesten Trends in der PV-Sicherungsbranche zu halten. Insgesamt sprechen wir von drei sehr anstrengenden aber doch produktiven Messetagen. <\/p>\n\n\n\n<p>Und die n\u00e4chste gro\u00dfe Messe steht bereits vor der T\u00fcr mit der RE+ in Anaheim, ab dem 10. September werden wir dort in Halle E Stand 15001 zu finden sein. <\/p>\n\n\n\n<p>Mehr Updates wie diese finden Sie unter: <a href=\"https:\/\/www.linkedin.com\/company\/11711086\/admin\/dashboard\/\">https:\/\/www.linkedin.com\/company\/adlerelectric<\/a><\/p>\n","protected":false},"excerpt":{"rendered":"In der Woche vom 26.-30. August fand in S\u00e3o Paulo die Intersolar South America statt, Teil der &#8222;The smarter E South America&#8220; und eine der wichtigsten Photovoltaikmessen in Latein- und S\u00fcdamerika. Wir waren vor Ort, mit einem eigenen Stand innerhalb des Deutschen Pavillons, direkt am Eingang der Messe zu finden und unser Kollege Herr Charles [&hellip;]","protected":false},"featured_media":27209,"template":"","topic":[],"class_list":["post-28389","news","type-news","status-publish","has-post-thumbnail","hentry"],"yoast_head":"<!-- This site is optimized with the Yoast SEO plugin v26.8 - https:\/\/yoast.com\/product\/yoast-seo-wordpress\/ -->\n<title>Intersolar South America - ADLER<\/title>\n<meta name=\"robots\" content=\"index, follow, max-snippet:-1, max-image-preview:large, max-video-preview:-1\" \/>\n<link rel=\"canonical\" href=\"https:\/\/www.adlerelectric.com\/de\/news\/intersolar-south-america\/\" \/>\n<meta property=\"og:locale\" content=\"de_DE\" \/>\n<meta property=\"og:type\" content=\"article\" \/>\n<meta property=\"og:title\" content=\"Intersolar South America - ADLER\" \/>\n<meta property=\"og:description\" content=\"In der Woche vom 26.-30. August fand in S\u00e3o Paulo die Intersolar South America statt, Teil der &#8222;The smarter E South America&#8220; und eine der wichtigsten Photovoltaikmessen in Latein- und S\u00fcdamerika. Wir waren vor Ort, mit einem eigenen Stand innerhalb des Deutschen Pavillons, direkt am Eingang der Messe zu finden und unser Kollege Herr Charles [&hellip;]\" \/>\n<meta property=\"og:url\" content=\"https:\/\/www.adlerelectric.com\/de\/news\/intersolar-south-america\/\" \/>\n<meta property=\"og:site_name\" content=\"ADLER\" \/>\n<meta property=\"article:modified_time\" content=\"2025-02-10T09:51:40+00:00\" \/>\n<meta property=\"og:image\" content=\"https:\/\/www.adlerelectric.com\/uploads\/2024\/09\/6051e3352e36ef78f040eae2.jpg\" \/>\n\t<meta property=\"og:image:width\" content=\"484\" \/>\n\t<meta property=\"og:image:height\" content=\"293\" \/>\n\t<meta property=\"og:image:type\" content=\"image\/jpeg\" \/>\n<meta name=\"twitter:card\" content=\"summary_large_image\" \/>\n<meta name=\"twitter:label1\" content=\"Gesch\u00e4tzte Lesezeit\" \/>\n\t<meta name=\"twitter:data1\" content=\"2\u00a0Minuten\" \/>\n<script type=\"application\/ld+json\" class=\"yoast-schema-graph\">{\"@context\":\"https:\/\/schema.org\",\"@graph\":[{\"@type\":\"WebPage\",\"@id\":\"https:\/\/www.adlerelectric.com\/de\/news\/intersolar-south-america\/\",\"url\":\"https:\/\/www.adlerelectric.com\/de\/news\/intersolar-south-america\/\",\"name\":\"Intersolar South America - ADLER\",\"isPartOf\":{\"@id\":\"https:\/\/www.adlerelectric.com\/de\/#website\"},\"primaryImageOfPage\":{\"@id\":\"https:\/\/www.adlerelectric.com\/de\/news\/intersolar-south-america\/#primaryimage\"},\"image\":{\"@id\":\"https:\/\/www.adlerelectric.com\/de\/news\/intersolar-south-america\/#primaryimage\"},\"thumbnailUrl\":\"https:\/\/www.adlerelectric.com\/uploads\/2024\/09\/6051e3352e36ef78f040eae2.jpg\",\"datePublished\":\"2024-09-06T16:36:54+00:00\",\"dateModified\":\"2025-02-10T09:51:40+00:00\",\"breadcrumb\":{\"@id\":\"https:\/\/www.adlerelectric.com\/de\/news\/intersolar-south-america\/#breadcrumb\"},\"inLanguage\":\"de\",\"potentialAction\":[{\"@type\":\"ReadAction\",\"target\":[\"https:\/\/www.adlerelectric.com\/de\/news\/intersolar-south-america\/\"]}]},{\"@type\":\"ImageObject\",\"inLanguage\":\"de\",\"@id\":\"https:\/\/www.adlerelectric.com\/de\/news\/intersolar-south-america\/#primaryimage\",\"url\":\"https:\/\/www.adlerelectric.com\/uploads\/2024\/09\/6051e3352e36ef78f040eae2.jpg\",\"contentUrl\":\"https:\/\/www.adlerelectric.com\/uploads\/2024\/09\/6051e3352e36ef78f040eae2.jpg\",\"width\":484,\"height\":293},{\"@type\":\"BreadcrumbList\",\"@id\":\"https:\/\/www.adlerelectric.com\/de\/news\/intersolar-south-america\/#breadcrumb\",\"itemListElement\":[{\"@type\":\"ListItem\",\"position\":1,\"name\":\"Home\",\"item\":\"https:\/\/www.adlerelectric.com\/de\/\"},{\"@type\":\"ListItem\",\"position\":2,\"name\":\"Intersolar South America\"}]},{\"@type\":\"WebSite\",\"@id\":\"https:\/\/www.adlerelectric.com\/de\/#website\",\"url\":\"https:\/\/www.adlerelectric.com\/de\/\",\"name\":\"ADLER\",\"description\":\"Secure Connection to the Energy Transition\",\"potentialAction\":[{\"@type\":\"SearchAction\",\"target\":{\"@type\":\"EntryPoint\",\"urlTemplate\":\"https:\/\/www.adlerelectric.com\/de\/?s={search_term_string}\"},\"query-input\":{\"@type\":\"PropertyValueSpecification\",\"valueRequired\":true,\"valueName\":\"search_term_string\"}}],\"inLanguage\":\"de\"}]}<\/script>\n<!-- \/ Yoast SEO plugin. -->","yoast_head_json":{"title":"Intersolar South America - ADLER","robots":{"index":"index","follow":"follow","max-snippet":"max-snippet:-1","max-image-preview":"max-image-preview:large","max-video-preview":"max-video-preview:-1"},"canonical":"https:\/\/www.adlerelectric.com\/de\/news\/intersolar-south-america\/","og_locale":"de_DE","og_type":"article","og_title":"Intersolar South America - ADLER","og_description":"In der Woche vom 26.-30. August fand in S\u00e3o Paulo die Intersolar South America statt, Teil der &#8222;The smarter E South America&#8220; und eine der wichtigsten Photovoltaikmessen in Latein- und S\u00fcdamerika. Wir waren vor Ort, mit einem eigenen Stand innerhalb des Deutschen Pavillons, direkt am Eingang der Messe zu finden und unser Kollege Herr Charles [&hellip;]","og_url":"https:\/\/www.adlerelectric.com\/de\/news\/intersolar-south-america\/","og_site_name":"ADLER","article_modified_time":"2025-02-10T09:51:40+00:00","og_image":[{"width":484,"height":293,"url":"https:\/\/www.adlerelectric.com\/uploads\/2024\/09\/6051e3352e36ef78f040eae2.jpg","type":"image\/jpeg"}],"twitter_card":"summary_large_image","twitter_misc":{"Gesch\u00e4tzte Lesezeit":"2\u00a0Minuten"},"schema":{"@context":"https:\/\/schema.org","@graph":[{"@type":"WebPage","@id":"https:\/\/www.adlerelectric.com\/de\/news\/intersolar-south-america\/","url":"https:\/\/www.adlerelectric.com\/de\/news\/intersolar-south-america\/","name":"Intersolar South America - ADLER","isPartOf":{"@id":"https:\/\/www.adlerelectric.com\/de\/#website"},"primaryImageOfPage":{"@id":"https:\/\/www.adlerelectric.com\/de\/news\/intersolar-south-america\/#primaryimage"},"image":{"@id":"https:\/\/www.adlerelectric.com\/de\/news\/intersolar-south-america\/#primaryimage"},"thumbnailUrl":"https:\/\/www.adlerelectric.com\/uploads\/2024\/09\/6051e3352e36ef78f040eae2.jpg","datePublished":"2024-09-06T16:36:54+00:00","dateModified":"2025-02-10T09:51:40+00:00","breadcrumb":{"@id":"https:\/\/www.adlerelectric.com\/de\/news\/intersolar-south-america\/#breadcrumb"},"inLanguage":"de","potentialAction":[{"@type":"ReadAction","target":["https:\/\/www.adlerelectric.com\/de\/news\/intersolar-south-america\/"]}]},{"@type":"ImageObject","inLanguage":"de","@id":"https:\/\/www.adlerelectric.com\/de\/news\/intersolar-south-america\/#primaryimage","url":"https:\/\/www.adlerelectric.com\/uploads\/2024\/09\/6051e3352e36ef78f040eae2.jpg","contentUrl":"https:\/\/www.adlerelectric.com\/uploads\/2024\/09\/6051e3352e36ef78f040eae2.jpg","width":484,"height":293},{"@type":"BreadcrumbList","@id":"https:\/\/www.adlerelectric.com\/de\/news\/intersolar-south-america\/#breadcrumb","itemListElement":[{"@type":"ListItem","position":1,"name":"Home","item":"https:\/\/www.adlerelectric.com\/de\/"},{"@type":"ListItem","position":2,"name":"Intersolar South America"}]},{"@type":"WebSite","@id":"https:\/\/www.adlerelectric.com\/de\/#website","url":"https:\/\/www.adlerelectric.com\/de\/","name":"ADLER","description":"Secure Connection to the Energy Transition","potentialAction":[{"@type":"SearchAction","target":{"@type":"EntryPoint","urlTemplate":"https:\/\/www.adlerelectric.com\/de\/?s={search_term_string}"},"query-input":{"@type":"PropertyValueSpecification","valueRequired":true,"valueName":"search_term_string"}}],"inLanguage":"de"}]}},"_links":{"self":[{"href":"https:\/\/www.adlerelectric.com\/de\/wp-json\/wp\/v2\/news\/28389","targetHints":{"allow":["GET"]}}],"collection":[{"href":"https:\/\/www.adlerelectric.com\/de\/wp-json\/wp\/v2\/news"}],"about":[{"href":"https:\/\/www.adlerelectric.com\/de\/wp-json\/wp\/v2\/types\/news"}],"wp:featuredmedia":[{"embeddable":true,"href":"https:\/\/www.adlerelectric.com\/de\/wp-json\/wp\/v2\/media\/27209"}],"wp:attachment":[{"href":"https:\/\/www.adlerelectric.com\/de\/wp-json\/wp\/v2\/media?parent=28389"}],"wp:term":[{"taxonomy":"topic","embeddable":true,"href":"https:\/\/www.adlerelectric.com\/de\/wp-json\/wp\/v2\/topic?post=28389"}],"curies":[{"name":"wp","href":"https:\/\/api.w.org\/{rel}","templated":true}]}}