{"id":28392,"date":"2024-07-08T18:38:02","date_gmt":"2024-07-08T16:38:02","guid":{"rendered":"https:\/\/wordpress.prod.adler.projects.sma-dev.de\/?post_type=news&#038;p=28392"},"modified":"2025-04-25T17:44:00","modified_gmt":"2025-04-25T15:44:00","slug":"intersolar-muenchen-2025","status":"publish","type":"news","link":"https:\/\/www.adlerelectric.com\/de\/news\/intersolar-muenchen-2025\/","title":{"rendered":"Intersolar M\u00fcnchen 2024"},"content":{"rendered":"\n<p>Vom 11. bis 13. Mai ist es endlich wieder so weit! Wir freuen uns darauf, Ihnen auf der intersolar in M\u00fcnchen unsere neuesten Entwicklungen und Produkte zu pr\u00e4sentieren, und vor allem freuen wir uns darauf, Sie endlich wieder pers\u00f6nlich zu treffen.<\/p>\n\n\n\n<p>Merken Sie sich den Termin vor und besuchen Sie uns an unserem Stand B4.550!<\/p>\n","protected":false},"excerpt":{"rendered":"Vom 11. bis 13. Mai ist es endlich wieder so weit! Wir freuen uns darauf, Ihnen auf der intersolar in M\u00fcnchen unsere neuesten Entwicklungen und Produkte zu pr\u00e4sentieren, und vor allem freuen wir uns darauf, Sie endlich wieder pers\u00f6nlich zu treffen. Merken Sie sich den Termin vor und besuchen Sie uns an unserem Stand B4.550!","protected":false},"featured_media":27179,"template":"","topic":[],"class_list":["post-28392","news","type-news","status-publish","has-post-thumbnail","hentry"],"yoast_head":"<!-- This site is optimized with the Yoast SEO plugin v26.8 - https:\/\/yoast.com\/product\/yoast-seo-wordpress\/ -->\n<title>Intersolar M\u00fcnchen 2024 - ADLER<\/title>\n<meta name=\"robots\" content=\"index, follow, max-snippet:-1, max-image-preview:large, max-video-preview:-1\" \/>\n<link rel=\"canonical\" href=\"https:\/\/www.adlerelectric.com\/de\/news\/intersolar-muenchen-2025\/\" \/>\n<meta property=\"og:locale\" content=\"de_DE\" \/>\n<meta property=\"og:type\" content=\"article\" \/>\n<meta property=\"og:title\" content=\"Intersolar M\u00fcnchen 2024 - ADLER\" \/>\n<meta property=\"og:description\" content=\"Vom 11. bis 13. Mai ist es endlich wieder so weit! Wir freuen uns darauf, Ihnen auf der intersolar in M\u00fcnchen unsere neuesten Entwicklungen und Produkte zu pr\u00e4sentieren, und vor allem freuen wir uns darauf, Sie endlich wieder pers\u00f6nlich zu treffen. Merken Sie sich den Termin vor und besuchen Sie uns an unserem Stand B4.550!\" \/>\n<meta property=\"og:url\" content=\"https:\/\/www.adlerelectric.com\/de\/news\/intersolar-muenchen-2025\/\" \/>\n<meta property=\"og:site_name\" content=\"ADLER\" \/>\n<meta property=\"article:modified_time\" content=\"2025-04-25T15:44:00+00:00\" \/>\n<meta property=\"og:image\" content=\"https:\/\/www.adlerelectric.com\/uploads\/2024\/07\/img16515670775.jpg\" \/>\n\t<meta property=\"og:image:width\" content=\"722\" \/>\n\t<meta property=\"og:image:height\" content=\"440\" \/>\n\t<meta property=\"og:image:type\" content=\"image\/jpeg\" \/>\n<meta name=\"twitter:card\" content=\"summary_large_image\" \/>\n<meta name=\"twitter:label1\" content=\"Gesch\u00e4tzte Lesezeit\" \/>\n\t<meta name=\"twitter:data1\" content=\"1\u00a0Minute\" \/>\n<script type=\"application\/ld+json\" class=\"yoast-schema-graph\">{\"@context\":\"https:\/\/schema.org\",\"@graph\":[{\"@type\":\"WebPage\",\"@id\":\"https:\/\/www.adlerelectric.com\/de\/news\/intersolar-muenchen-2025\/\",\"url\":\"https:\/\/www.adlerelectric.com\/de\/news\/intersolar-muenchen-2025\/\",\"name\":\"Intersolar M\u00fcnchen 2024 - ADLER\",\"isPartOf\":{\"@id\":\"https:\/\/www.adlerelectric.com\/de\/#website\"},\"primaryImageOfPage\":{\"@id\":\"https:\/\/www.adlerelectric.com\/de\/news\/intersolar-muenchen-2025\/#primaryimage\"},\"image\":{\"@id\":\"https:\/\/www.adlerelectric.com\/de\/news\/intersolar-muenchen-2025\/#primaryimage\"},\"thumbnailUrl\":\"https:\/\/www.adlerelectric.com\/uploads\/2024\/07\/img16515670775.jpg\",\"datePublished\":\"2024-07-08T16:38:02+00:00\",\"dateModified\":\"2025-04-25T15:44:00+00:00\",\"breadcrumb\":{\"@id\":\"https:\/\/www.adlerelectric.com\/de\/news\/intersolar-muenchen-2025\/#breadcrumb\"},\"inLanguage\":\"de\",\"potentialAction\":[{\"@type\":\"ReadAction\",\"target\":[\"https:\/\/www.adlerelectric.com\/de\/news\/intersolar-muenchen-2025\/\"]}]},{\"@type\":\"ImageObject\",\"inLanguage\":\"de\",\"@id\":\"https:\/\/www.adlerelectric.com\/de\/news\/intersolar-muenchen-2025\/#primaryimage\",\"url\":\"https:\/\/www.adlerelectric.com\/uploads\/2024\/07\/img16515670775.jpg\",\"contentUrl\":\"https:\/\/www.adlerelectric.com\/uploads\/2024\/07\/img16515670775.jpg\",\"width\":722,\"height\":440},{\"@type\":\"BreadcrumbList\",\"@id\":\"https:\/\/www.adlerelectric.com\/de\/news\/intersolar-muenchen-2025\/#breadcrumb\",\"itemListElement\":[{\"@type\":\"ListItem\",\"position\":1,\"name\":\"Home\",\"item\":\"https:\/\/www.adlerelectric.com\/de\/\"},{\"@type\":\"ListItem\",\"position\":2,\"name\":\"Intersolar M\u00fcnchen 2024\"}]},{\"@type\":\"WebSite\",\"@id\":\"https:\/\/www.adlerelectric.com\/de\/#website\",\"url\":\"https:\/\/www.adlerelectric.com\/de\/\",\"name\":\"ADLER\",\"description\":\"Secure Connection to the Energy Transition\",\"potentialAction\":[{\"@type\":\"SearchAction\",\"target\":{\"@type\":\"EntryPoint\",\"urlTemplate\":\"https:\/\/www.adlerelectric.com\/de\/?s={search_term_string}\"},\"query-input\":{\"@type\":\"PropertyValueSpecification\",\"valueRequired\":true,\"valueName\":\"search_term_string\"}}],\"inLanguage\":\"de\"}]}<\/script>\n<!-- \/ Yoast SEO plugin. -->","yoast_head_json":{"title":"Intersolar M\u00fcnchen 2024 - ADLER","robots":{"index":"index","follow":"follow","max-snippet":"max-snippet:-1","max-image-preview":"max-image-preview:large","max-video-preview":"max-video-preview:-1"},"canonical":"https:\/\/www.adlerelectric.com\/de\/news\/intersolar-muenchen-2025\/","og_locale":"de_DE","og_type":"article","og_title":"Intersolar M\u00fcnchen 2024 - ADLER","og_description":"Vom 11. bis 13. Mai ist es endlich wieder so weit! Wir freuen uns darauf, Ihnen auf der intersolar in M\u00fcnchen unsere neuesten Entwicklungen und Produkte zu pr\u00e4sentieren, und vor allem freuen wir uns darauf, Sie endlich wieder pers\u00f6nlich zu treffen. Merken Sie sich den Termin vor und besuchen Sie uns an unserem Stand B4.550!","og_url":"https:\/\/www.adlerelectric.com\/de\/news\/intersolar-muenchen-2025\/","og_site_name":"ADLER","article_modified_time":"2025-04-25T15:44:00+00:00","og_image":[{"width":722,"height":440,"url":"https:\/\/www.adlerelectric.com\/uploads\/2024\/07\/img16515670775.jpg","type":"image\/jpeg"}],"twitter_card":"summary_large_image","twitter_misc":{"Gesch\u00e4tzte Lesezeit":"1\u00a0Minute"},"schema":{"@context":"https:\/\/schema.org","@graph":[{"@type":"WebPage","@id":"https:\/\/www.adlerelectric.com\/de\/news\/intersolar-muenchen-2025\/","url":"https:\/\/www.adlerelectric.com\/de\/news\/intersolar-muenchen-2025\/","name":"Intersolar M\u00fcnchen 2024 - ADLER","isPartOf":{"@id":"https:\/\/www.adlerelectric.com\/de\/#website"},"primaryImageOfPage":{"@id":"https:\/\/www.adlerelectric.com\/de\/news\/intersolar-muenchen-2025\/#primaryimage"},"image":{"@id":"https:\/\/www.adlerelectric.com\/de\/news\/intersolar-muenchen-2025\/#primaryimage"},"thumbnailUrl":"https:\/\/www.adlerelectric.com\/uploads\/2024\/07\/img16515670775.jpg","datePublished":"2024-07-08T16:38:02+00:00","dateModified":"2025-04-25T15:44:00+00:00","breadcrumb":{"@id":"https:\/\/www.adlerelectric.com\/de\/news\/intersolar-muenchen-2025\/#breadcrumb"},"inLanguage":"de","potentialAction":[{"@type":"ReadAction","target":["https:\/\/www.adlerelectric.com\/de\/news\/intersolar-muenchen-2025\/"]}]},{"@type":"ImageObject","inLanguage":"de","@id":"https:\/\/www.adlerelectric.com\/de\/news\/intersolar-muenchen-2025\/#primaryimage","url":"https:\/\/www.adlerelectric.com\/uploads\/2024\/07\/img16515670775.jpg","contentUrl":"https:\/\/www.adlerelectric.com\/uploads\/2024\/07\/img16515670775.jpg","width":722,"height":440},{"@type":"BreadcrumbList","@id":"https:\/\/www.adlerelectric.com\/de\/news\/intersolar-muenchen-2025\/#breadcrumb","itemListElement":[{"@type":"ListItem","position":1,"name":"Home","item":"https:\/\/www.adlerelectric.com\/de\/"},{"@type":"ListItem","position":2,"name":"Intersolar M\u00fcnchen 2024"}]},{"@type":"WebSite","@id":"https:\/\/www.adlerelectric.com\/de\/#website","url":"https:\/\/www.adlerelectric.com\/de\/","name":"ADLER","description":"Secure Connection to the Energy Transition","potentialAction":[{"@type":"SearchAction","target":{"@type":"EntryPoint","urlTemplate":"https:\/\/www.adlerelectric.com\/de\/?s={search_term_string}"},"query-input":{"@type":"PropertyValueSpecification","valueRequired":true,"valueName":"search_term_string"}}],"inLanguage":"de"}]}},"_links":{"self":[{"href":"https:\/\/www.adlerelectric.com\/de\/wp-json\/wp\/v2\/news\/28392","targetHints":{"allow":["GET"]}}],"collection":[{"href":"https:\/\/www.adlerelectric.com\/de\/wp-json\/wp\/v2\/news"}],"about":[{"href":"https:\/\/www.adlerelectric.com\/de\/wp-json\/wp\/v2\/types\/news"}],"wp:featuredmedia":[{"embeddable":true,"href":"https:\/\/www.adlerelectric.com\/de\/wp-json\/wp\/v2\/media\/27179"}],"wp:attachment":[{"href":"https:\/\/www.adlerelectric.com\/de\/wp-json\/wp\/v2\/media?parent=28392"}],"wp:term":[{"taxonomy":"topic","embeddable":true,"href":"https:\/\/www.adlerelectric.com\/de\/wp-json\/wp\/v2\/topic?post=28392"}],"curies":[{"name":"wp","href":"https:\/\/api.w.org\/{rel}","templated":true}]}}