{"id":30966,"date":"2025-03-01T10:43:22","date_gmt":"2025-03-01T09:43:22","guid":{"rendered":"https:\/\/www.adlerelectric.com\/?post_type=news&#038;p=30966"},"modified":"2025-04-25T17:40:07","modified_gmt":"2025-04-25T15:40:07","slug":"adler-electric-at-intersolar-san-diego-2025","status":"publish","type":"news","link":"https:\/\/www.adlerelectric.com\/de\/news\/adler-electric-at-intersolar-san-diego-2025\/","title":{"rendered":"ADLER ELECTRIC auf der Intersolar San Diego 2025"},"content":{"rendered":"\n<figure class=\"wp-block-image size-full is-resized\"><img decoding=\"async\" width=\"2560\" height=\"2538\" data-src=\"https:\/\/www.adlerelectric.com\/uploads\/2025\/03\/IMG_2855-scaled.jpg\" alt=\"\" class=\"wp-image-30990 lazyload\" style=\"--smush-placeholder-width: 2560px; --smush-placeholder-aspect-ratio: 2560\/2538;width:840px;height:auto\" data-srcset=\"https:\/\/www.adlerelectric.com\/uploads\/2025\/03\/IMG_2855-scaled.jpg 2560w, https:\/\/www.adlerelectric.com\/uploads\/2025\/03\/IMG_2855-300x297.jpg 300w, https:\/\/www.adlerelectric.com\/uploads\/2025\/03\/IMG_2855-1024x1015.jpg 1024w, https:\/\/www.adlerelectric.com\/uploads\/2025\/03\/IMG_2855-150x150.jpg 150w, https:\/\/www.adlerelectric.com\/uploads\/2025\/03\/IMG_2855-768x761.jpg 768w, https:\/\/www.adlerelectric.com\/uploads\/2025\/03\/IMG_2855-1536x1523.jpg 1536w, https:\/\/www.adlerelectric.com\/uploads\/2025\/03\/IMG_2855-2048x2031.jpg 2048w, https:\/\/www.adlerelectric.com\/uploads\/2025\/03\/IMG_2855-600x595.jpg 600w, https:\/\/www.adlerelectric.com\/uploads\/2025\/03\/IMG_2855-100x100.jpg 100w\" data-sizes=\"(max-width: 2560px) 100vw, 2560px\" src=\"data:image\/svg+xml;base64,PHN2ZyB3aWR0aD0iMSIgaGVpZ2h0PSIxIiB4bWxucz0iaHR0cDovL3d3dy53My5vcmcvMjAwMC9zdmciPjwvc3ZnPg==\" \/><\/figure>\n\n\n\n<p><\/p>\n\n\n\n<h2 class=\"wp-block-heading\">Mit einem einzigartigen USP auf einer der PV-Leitmessen<\/h2>\n\n\n\n<p>Vom 25. bis 27. Februar 2025 war es wieder soweit: Auf der Intersolar San Diego pr\u00e4sentierte die Photovoltaic-Branche ihre neuesten Produkte. Nat\u00fcrlich durften wir auf diesem Event nicht fehlen. Und behauptete zugleich unsere Marktpr\u00e4senz mit einem Alleinstellungsmerkmal: Denn unter den 500 Ausstellern war ADLER ELECTRIC der einzige Anbieter von Sicherungen. So bot die Messe nicht nur eine hervorragende Gelegenheit, unsere wichtigen US-amerikanischen Kunden und Distributoren zu treffen, sondern auch die Chance eine Vielzahl neuer Kontakte mit konkretem Interesse an unserem Produktportfolio zu kn\u00fcpfen. Einen gro\u00dfen Dank an unser Team und die Veranstalter der Intersolar! Wir kommen gerne wieder!<\/p>\n","protected":false},"excerpt":{"rendered":"Mit einem einzigartigen USP auf einer der PV-Leitmessen Vom 25. bis 27. Februar 2025 war es wieder soweit: Auf der Intersolar San Diego pr\u00e4sentierte die Photovoltaic-Branche ihre neuesten Produkte. Nat\u00fcrlich durften wir auf diesem Event nicht fehlen. Und behauptete zugleich unsere Marktpr\u00e4senz mit einem Alleinstellungsmerkmal: Denn unter den 500 Ausstellern war ADLER ELECTRIC der einzige [&hellip;]","protected":false},"featured_media":30993,"template":"","topic":[],"class_list":["post-30966","news","type-news","status-publish","has-post-thumbnail","hentry"],"yoast_head":"<!-- This site is optimized with the Yoast SEO plugin v26.8 - https:\/\/yoast.com\/product\/yoast-seo-wordpress\/ -->\n<title>ADLER ELECTRIC auf der Intersolar San Diego 2025 - ADLER<\/title>\n<meta name=\"robots\" content=\"index, follow, max-snippet:-1, max-image-preview:large, max-video-preview:-1\" \/>\n<link rel=\"canonical\" href=\"https:\/\/www.adlerelectric.com\/de\/news\/adler-electric-at-intersolar-san-diego-2025\/\" \/>\n<meta property=\"og:locale\" content=\"de_DE\" \/>\n<meta property=\"og:type\" content=\"article\" \/>\n<meta property=\"og:title\" content=\"ADLER ELECTRIC auf der Intersolar San Diego 2025 - ADLER\" \/>\n<meta property=\"og:description\" content=\"Mit einem einzigartigen USP auf einer der PV-Leitmessen Vom 25. bis 27. Februar 2025 war es wieder soweit: Auf der Intersolar San Diego pr\u00e4sentierte die Photovoltaic-Branche ihre neuesten Produkte. Nat\u00fcrlich durften wir auf diesem Event nicht fehlen. Und behauptete zugleich unsere Marktpr\u00e4senz mit einem Alleinstellungsmerkmal: Denn unter den 500 Ausstellern war ADLER ELECTRIC der einzige [&hellip;]\" \/>\n<meta property=\"og:url\" content=\"https:\/\/www.adlerelectric.com\/de\/news\/adler-electric-at-intersolar-san-diego-2025\/\" \/>\n<meta property=\"og:site_name\" content=\"ADLER\" \/>\n<meta property=\"article:modified_time\" content=\"2025-04-25T15:40:07+00:00\" \/>\n<meta property=\"og:image\" content=\"https:\/\/www.adlerelectric.com\/uploads\/2025\/03\/IMG_2865-2-scaled.jpg\" \/>\n\t<meta property=\"og:image:width\" content=\"2560\" \/>\n\t<meta property=\"og:image:height\" content=\"1920\" \/>\n\t<meta property=\"og:image:type\" content=\"image\/jpeg\" \/>\n<meta name=\"twitter:card\" content=\"summary_large_image\" \/>\n<meta name=\"twitter:label1\" content=\"Gesch\u00e4tzte Lesezeit\" \/>\n\t<meta name=\"twitter:data1\" content=\"1\u00a0Minute\" \/>\n<script type=\"application\/ld+json\" class=\"yoast-schema-graph\">{\"@context\":\"https:\/\/schema.org\",\"@graph\":[{\"@type\":\"WebPage\",\"@id\":\"https:\/\/www.adlerelectric.com\/de\/news\/adler-electric-at-intersolar-san-diego-2025\/\",\"url\":\"https:\/\/www.adlerelectric.com\/de\/news\/adler-electric-at-intersolar-san-diego-2025\/\",\"name\":\"ADLER ELECTRIC auf der Intersolar San Diego 2025 - ADLER\",\"isPartOf\":{\"@id\":\"https:\/\/www.adlerelectric.com\/de\/#website\"},\"primaryImageOfPage\":{\"@id\":\"https:\/\/www.adlerelectric.com\/de\/news\/adler-electric-at-intersolar-san-diego-2025\/#primaryimage\"},\"image\":{\"@id\":\"https:\/\/www.adlerelectric.com\/de\/news\/adler-electric-at-intersolar-san-diego-2025\/#primaryimage\"},\"thumbnailUrl\":\"https:\/\/www.adlerelectric.com\/uploads\/2025\/03\/IMG_2865-2-scaled.jpg\",\"datePublished\":\"2025-03-01T09:43:22+00:00\",\"dateModified\":\"2025-04-25T15:40:07+00:00\",\"breadcrumb\":{\"@id\":\"https:\/\/www.adlerelectric.com\/de\/news\/adler-electric-at-intersolar-san-diego-2025\/#breadcrumb\"},\"inLanguage\":\"de\",\"potentialAction\":[{\"@type\":\"ReadAction\",\"target\":[\"https:\/\/www.adlerelectric.com\/de\/news\/adler-electric-at-intersolar-san-diego-2025\/\"]}]},{\"@type\":\"ImageObject\",\"inLanguage\":\"de\",\"@id\":\"https:\/\/www.adlerelectric.com\/de\/news\/adler-electric-at-intersolar-san-diego-2025\/#primaryimage\",\"url\":\"https:\/\/www.adlerelectric.com\/uploads\/2025\/03\/IMG_2865-2-scaled.jpg\",\"contentUrl\":\"https:\/\/www.adlerelectric.com\/uploads\/2025\/03\/IMG_2865-2-scaled.jpg\",\"width\":2560,\"height\":1920},{\"@type\":\"BreadcrumbList\",\"@id\":\"https:\/\/www.adlerelectric.com\/de\/news\/adler-electric-at-intersolar-san-diego-2025\/#breadcrumb\",\"itemListElement\":[{\"@type\":\"ListItem\",\"position\":1,\"name\":\"Home\",\"item\":\"https:\/\/www.adlerelectric.com\/de\/\"},{\"@type\":\"ListItem\",\"position\":2,\"name\":\"ADLER ELECTRIC auf der Intersolar San Diego 2025\"}]},{\"@type\":\"WebSite\",\"@id\":\"https:\/\/www.adlerelectric.com\/de\/#website\",\"url\":\"https:\/\/www.adlerelectric.com\/de\/\",\"name\":\"ADLER\",\"description\":\"Secure Connection to the Energy Transition\",\"potentialAction\":[{\"@type\":\"SearchAction\",\"target\":{\"@type\":\"EntryPoint\",\"urlTemplate\":\"https:\/\/www.adlerelectric.com\/de\/?s={search_term_string}\"},\"query-input\":{\"@type\":\"PropertyValueSpecification\",\"valueRequired\":true,\"valueName\":\"search_term_string\"}}],\"inLanguage\":\"de\"}]}<\/script>\n<!-- \/ Yoast SEO plugin. -->","yoast_head_json":{"title":"ADLER ELECTRIC auf der Intersolar San Diego 2025 - ADLER","robots":{"index":"index","follow":"follow","max-snippet":"max-snippet:-1","max-image-preview":"max-image-preview:large","max-video-preview":"max-video-preview:-1"},"canonical":"https:\/\/www.adlerelectric.com\/de\/news\/adler-electric-at-intersolar-san-diego-2025\/","og_locale":"de_DE","og_type":"article","og_title":"ADLER ELECTRIC auf der Intersolar San Diego 2025 - ADLER","og_description":"Mit einem einzigartigen USP auf einer der PV-Leitmessen Vom 25. bis 27. Februar 2025 war es wieder soweit: Auf der Intersolar San Diego pr\u00e4sentierte die Photovoltaic-Branche ihre neuesten Produkte. Nat\u00fcrlich durften wir auf diesem Event nicht fehlen. Und behauptete zugleich unsere Marktpr\u00e4senz mit einem Alleinstellungsmerkmal: Denn unter den 500 Ausstellern war ADLER ELECTRIC der einzige [&hellip;]","og_url":"https:\/\/www.adlerelectric.com\/de\/news\/adler-electric-at-intersolar-san-diego-2025\/","og_site_name":"ADLER","article_modified_time":"2025-04-25T15:40:07+00:00","og_image":[{"width":2560,"height":1920,"url":"https:\/\/www.adlerelectric.com\/uploads\/2025\/03\/IMG_2865-2-scaled.jpg","type":"image\/jpeg"}],"twitter_card":"summary_large_image","twitter_misc":{"Gesch\u00e4tzte Lesezeit":"1\u00a0Minute"},"schema":{"@context":"https:\/\/schema.org","@graph":[{"@type":"WebPage","@id":"https:\/\/www.adlerelectric.com\/de\/news\/adler-electric-at-intersolar-san-diego-2025\/","url":"https:\/\/www.adlerelectric.com\/de\/news\/adler-electric-at-intersolar-san-diego-2025\/","name":"ADLER ELECTRIC auf der Intersolar San Diego 2025 - ADLER","isPartOf":{"@id":"https:\/\/www.adlerelectric.com\/de\/#website"},"primaryImageOfPage":{"@id":"https:\/\/www.adlerelectric.com\/de\/news\/adler-electric-at-intersolar-san-diego-2025\/#primaryimage"},"image":{"@id":"https:\/\/www.adlerelectric.com\/de\/news\/adler-electric-at-intersolar-san-diego-2025\/#primaryimage"},"thumbnailUrl":"https:\/\/www.adlerelectric.com\/uploads\/2025\/03\/IMG_2865-2-scaled.jpg","datePublished":"2025-03-01T09:43:22+00:00","dateModified":"2025-04-25T15:40:07+00:00","breadcrumb":{"@id":"https:\/\/www.adlerelectric.com\/de\/news\/adler-electric-at-intersolar-san-diego-2025\/#breadcrumb"},"inLanguage":"de","potentialAction":[{"@type":"ReadAction","target":["https:\/\/www.adlerelectric.com\/de\/news\/adler-electric-at-intersolar-san-diego-2025\/"]}]},{"@type":"ImageObject","inLanguage":"de","@id":"https:\/\/www.adlerelectric.com\/de\/news\/adler-electric-at-intersolar-san-diego-2025\/#primaryimage","url":"https:\/\/www.adlerelectric.com\/uploads\/2025\/03\/IMG_2865-2-scaled.jpg","contentUrl":"https:\/\/www.adlerelectric.com\/uploads\/2025\/03\/IMG_2865-2-scaled.jpg","width":2560,"height":1920},{"@type":"BreadcrumbList","@id":"https:\/\/www.adlerelectric.com\/de\/news\/adler-electric-at-intersolar-san-diego-2025\/#breadcrumb","itemListElement":[{"@type":"ListItem","position":1,"name":"Home","item":"https:\/\/www.adlerelectric.com\/de\/"},{"@type":"ListItem","position":2,"name":"ADLER ELECTRIC auf der Intersolar San Diego 2025"}]},{"@type":"WebSite","@id":"https:\/\/www.adlerelectric.com\/de\/#website","url":"https:\/\/www.adlerelectric.com\/de\/","name":"ADLER","description":"Secure Connection to the Energy Transition","potentialAction":[{"@type":"SearchAction","target":{"@type":"EntryPoint","urlTemplate":"https:\/\/www.adlerelectric.com\/de\/?s={search_term_string}"},"query-input":{"@type":"PropertyValueSpecification","valueRequired":true,"valueName":"search_term_string"}}],"inLanguage":"de"}]}},"_links":{"self":[{"href":"https:\/\/www.adlerelectric.com\/de\/wp-json\/wp\/v2\/news\/30966","targetHints":{"allow":["GET"]}}],"collection":[{"href":"https:\/\/www.adlerelectric.com\/de\/wp-json\/wp\/v2\/news"}],"about":[{"href":"https:\/\/www.adlerelectric.com\/de\/wp-json\/wp\/v2\/types\/news"}],"wp:featuredmedia":[{"embeddable":true,"href":"https:\/\/www.adlerelectric.com\/de\/wp-json\/wp\/v2\/media\/30993"}],"wp:attachment":[{"href":"https:\/\/www.adlerelectric.com\/de\/wp-json\/wp\/v2\/media?parent=30966"}],"wp:term":[{"taxonomy":"topic","embeddable":true,"href":"https:\/\/www.adlerelectric.com\/de\/wp-json\/wp\/v2\/topic?post=30966"}],"curies":[{"name":"wp","href":"https:\/\/api.w.org\/{rel}","templated":true}]}}