{"id":30982,"date":"2025-04-12T11:33:42","date_gmt":"2025-04-12T09:33:42","guid":{"rendered":"https:\/\/www.adlerelectric.com\/?post_type=news&#038;p=30982"},"modified":"2025-04-25T11:41:08","modified_gmt":"2025-04-25T09:41:08","slug":"adler-electric-auf-der-solarex-istanbul-2025","status":"publish","type":"news","link":"https:\/\/www.adlerelectric.com\/de\/news\/adler-electric-auf-der-solarex-istanbul-2025\/","title":{"rendered":"ADLER ELECTRIC auf der Solarex Istanbul 2025"},"content":{"rendered":"\n<figure class=\"wp-block-image size-full\"><img decoding=\"async\" width=\"800\" height=\"822\" data-src=\"https:\/\/www.adlerelectric.com\/uploads\/2025\/04\/1744721940687.jpg\" alt=\"\" class=\"wp-image-30943 lazyload\" data-srcset=\"https:\/\/www.adlerelectric.com\/uploads\/2025\/04\/1744721940687.jpg 800w, https:\/\/www.adlerelectric.com\/uploads\/2025\/04\/1744721940687-292x300.jpg 292w, https:\/\/www.adlerelectric.com\/uploads\/2025\/04\/1744721940687-768x789.jpg 768w, https:\/\/www.adlerelectric.com\/uploads\/2025\/04\/1744721940687-600x617.jpg 600w\" data-sizes=\"(max-width: 800px) 100vw, 800px\" src=\"data:image\/svg+xml;base64,PHN2ZyB3aWR0aD0iMSIgaGVpZ2h0PSIxIiB4bWxucz0iaHR0cDovL3d3dy53My5vcmcvMjAwMC9zdmciPjwvc3ZnPg==\" style=\"--smush-placeholder-width: 800px; --smush-placeholder-aspect-ratio: 800\/822;\" \/><\/figure>\n\n\n\n<h2 class=\"wp-block-heading\">Ein starker Auftritt mit unserem Partner G\u00f6khan Electric.<\/h2>\n\n\n\n<p>Vom 10. bis 12. April war ADLER ELECTRIC auf der 17. Solarex Istanbul, Eurasiens f\u00fchrender Messe f\u00fcr Solarenergie und -technologien, die im Istanbul Expo Center stattfand. Die Veranstaltung, an der \u00fcber 500 Unternehmen und fast 1.000 globale Marken teilnahmen, bot einen umfassenden \u00dcberblick \u00fcber die neuesten Innovationen im Bereich der Solartechnik.<br>Auf der Veranstaltung arbeitete unser Business Development Director EMEA, Herr Andrei Morozov PhD. eng mit unserem t\u00fcrkischen Vertriebspartner, G\u00f6khan Electric und dessen Verkaufsleiter, Herrn Bektas Berke Cendere, zusammen.<\/p>\n\n\n\n<p>W\u00e4hrend der Ausstellung hatten wir die Gelegenheit,:<\/p>\n\n\n\n<p>&#8211; unsere hochwertigen, zertifizierten Sicherungen, die speziell f\u00fcr PV-Systeme entwickelt wurden, zu pr\u00e4sentieren und ihre herausragende Zuverl\u00e4ssigkeit und Konformit\u00e4t mit internationalen Sicherheitsstandards zu demonstrieren<\/p>\n\n\n\n<p>-effektive Netz- und Komponentenschutzl\u00f6sungen vorzustellen, die auf moderne Photovoltaikanwendungen zugeschnitten sind<\/p>\n\n\n\n<p>-unsere Marktpr\u00e4senz in der T\u00fcrkei durch unsere starke Partnerschaft mit G\u00f6khan Electric zu verst\u00e4rken<\/p>\n\n\n\n<p>Wir sind G\u00f6khan Electric besonders dankbar f\u00fcr die Organisation unserer Standpr\u00e4senz und f\u00fcr ihre kontinuierliche Partnerschaft und Unterst\u00fctzung. Unser Dank gilt auch den Organisatoren der Solarex Istanbul und allen Fachleuten, die uns besucht haben, f\u00fcr ihr Interesse und die interessanten Gespr\u00e4che. Diese Veranstaltung hat uns in unserem Ziel best\u00e4rkt, weltweit sichere, effiziente und innovative Energieschutzl\u00f6sungen zu liefern.<\/p>\n","protected":false},"excerpt":{"rendered":"Ein starker Auftritt mit unserem Partner G\u00f6khan Electric. Vom 10. bis 12. April war ADLER ELECTRIC auf der 17. Solarex Istanbul, Eurasiens f\u00fchrender Messe f\u00fcr Solarenergie und -technologien, die im Istanbul Expo Center stattfand. Die Veranstaltung, an der \u00fcber 500 Unternehmen und fast 1.000 globale Marken teilnahmen, bot einen umfassenden \u00dcberblick \u00fcber die neuesten Innovationen [&hellip;]","protected":false},"featured_media":30981,"template":"","topic":[],"class_list":["post-30982","news","type-news","status-publish","has-post-thumbnail","hentry"],"yoast_head":"<!-- This site is optimized with the Yoast SEO plugin v26.8 - https:\/\/yoast.com\/product\/yoast-seo-wordpress\/ -->\n<title>ADLER ELECTRIC auf der Solarex Istanbul 2025 - ADLER<\/title>\n<meta name=\"robots\" content=\"index, follow, max-snippet:-1, max-image-preview:large, max-video-preview:-1\" \/>\n<link rel=\"canonical\" href=\"https:\/\/www.adlerelectric.com\/de\/news\/adler-electric-auf-der-solarex-istanbul-2025\/\" \/>\n<meta property=\"og:locale\" content=\"de_DE\" \/>\n<meta property=\"og:type\" content=\"article\" \/>\n<meta property=\"og:title\" content=\"ADLER ELECTRIC auf der Solarex Istanbul 2025 - ADLER\" \/>\n<meta property=\"og:description\" content=\"Ein starker Auftritt mit unserem Partner G\u00f6khan Electric. Vom 10. bis 12. April war ADLER ELECTRIC auf der 17. Solarex Istanbul, Eurasiens f\u00fchrender Messe f\u00fcr Solarenergie und -technologien, die im Istanbul Expo Center stattfand. Die Veranstaltung, an der \u00fcber 500 Unternehmen und fast 1.000 globale Marken teilnahmen, bot einen umfassenden \u00dcberblick \u00fcber die neuesten Innovationen [&hellip;]\" \/>\n<meta property=\"og:url\" content=\"https:\/\/www.adlerelectric.com\/de\/news\/adler-electric-auf-der-solarex-istanbul-2025\/\" \/>\n<meta property=\"og:site_name\" content=\"ADLER\" \/>\n<meta property=\"article:modified_time\" content=\"2025-04-25T09:41:08+00:00\" \/>\n<meta property=\"og:image\" content=\"https:\/\/www.adlerelectric.com\/uploads\/2025\/04\/Bildschirmfoto-2025-04-25-um-11.30.53.png\" \/>\n\t<meta property=\"og:image:width\" content=\"1446\" \/>\n\t<meta property=\"og:image:height\" content=\"630\" \/>\n\t<meta property=\"og:image:type\" content=\"image\/png\" \/>\n<meta name=\"twitter:card\" content=\"summary_large_image\" \/>\n<meta name=\"twitter:label1\" content=\"Gesch\u00e4tzte Lesezeit\" \/>\n\t<meta name=\"twitter:data1\" content=\"2\u00a0Minuten\" \/>\n<script type=\"application\/ld+json\" class=\"yoast-schema-graph\">{\"@context\":\"https:\/\/schema.org\",\"@graph\":[{\"@type\":\"WebPage\",\"@id\":\"https:\/\/www.adlerelectric.com\/de\/news\/adler-electric-auf-der-solarex-istanbul-2025\/\",\"url\":\"https:\/\/www.adlerelectric.com\/de\/news\/adler-electric-auf-der-solarex-istanbul-2025\/\",\"name\":\"ADLER ELECTRIC auf der Solarex Istanbul 2025 - ADLER\",\"isPartOf\":{\"@id\":\"https:\/\/www.adlerelectric.com\/de\/#website\"},\"primaryImageOfPage\":{\"@id\":\"https:\/\/www.adlerelectric.com\/de\/news\/adler-electric-auf-der-solarex-istanbul-2025\/#primaryimage\"},\"image\":{\"@id\":\"https:\/\/www.adlerelectric.com\/de\/news\/adler-electric-auf-der-solarex-istanbul-2025\/#primaryimage\"},\"thumbnailUrl\":\"https:\/\/www.adlerelectric.com\/uploads\/2025\/04\/Bildschirmfoto-2025-04-25-um-11.30.53.png\",\"datePublished\":\"2025-04-12T09:33:42+00:00\",\"dateModified\":\"2025-04-25T09:41:08+00:00\",\"breadcrumb\":{\"@id\":\"https:\/\/www.adlerelectric.com\/de\/news\/adler-electric-auf-der-solarex-istanbul-2025\/#breadcrumb\"},\"inLanguage\":\"de\",\"potentialAction\":[{\"@type\":\"ReadAction\",\"target\":[\"https:\/\/www.adlerelectric.com\/de\/news\/adler-electric-auf-der-solarex-istanbul-2025\/\"]}]},{\"@type\":\"ImageObject\",\"inLanguage\":\"de\",\"@id\":\"https:\/\/www.adlerelectric.com\/de\/news\/adler-electric-auf-der-solarex-istanbul-2025\/#primaryimage\",\"url\":\"https:\/\/www.adlerelectric.com\/uploads\/2025\/04\/Bildschirmfoto-2025-04-25-um-11.30.53.png\",\"contentUrl\":\"https:\/\/www.adlerelectric.com\/uploads\/2025\/04\/Bildschirmfoto-2025-04-25-um-11.30.53.png\",\"width\":1446,\"height\":630},{\"@type\":\"BreadcrumbList\",\"@id\":\"https:\/\/www.adlerelectric.com\/de\/news\/adler-electric-auf-der-solarex-istanbul-2025\/#breadcrumb\",\"itemListElement\":[{\"@type\":\"ListItem\",\"position\":1,\"name\":\"Home\",\"item\":\"https:\/\/www.adlerelectric.com\/de\/\"},{\"@type\":\"ListItem\",\"position\":2,\"name\":\"ADLER ELECTRIC auf der Solarex Istanbul 2025\"}]},{\"@type\":\"WebSite\",\"@id\":\"https:\/\/www.adlerelectric.com\/de\/#website\",\"url\":\"https:\/\/www.adlerelectric.com\/de\/\",\"name\":\"ADLER\",\"description\":\"Secure Connection to the Energy Transition\",\"potentialAction\":[{\"@type\":\"SearchAction\",\"target\":{\"@type\":\"EntryPoint\",\"urlTemplate\":\"https:\/\/www.adlerelectric.com\/de\/?s={search_term_string}\"},\"query-input\":{\"@type\":\"PropertyValueSpecification\",\"valueRequired\":true,\"valueName\":\"search_term_string\"}}],\"inLanguage\":\"de\"}]}<\/script>\n<!-- \/ Yoast SEO plugin. -->","yoast_head_json":{"title":"ADLER ELECTRIC auf der Solarex Istanbul 2025 - ADLER","robots":{"index":"index","follow":"follow","max-snippet":"max-snippet:-1","max-image-preview":"max-image-preview:large","max-video-preview":"max-video-preview:-1"},"canonical":"https:\/\/www.adlerelectric.com\/de\/news\/adler-electric-auf-der-solarex-istanbul-2025\/","og_locale":"de_DE","og_type":"article","og_title":"ADLER ELECTRIC auf der Solarex Istanbul 2025 - ADLER","og_description":"Ein starker Auftritt mit unserem Partner G\u00f6khan Electric. Vom 10. bis 12. April war ADLER ELECTRIC auf der 17. Solarex Istanbul, Eurasiens f\u00fchrender Messe f\u00fcr Solarenergie und -technologien, die im Istanbul Expo Center stattfand. Die Veranstaltung, an der \u00fcber 500 Unternehmen und fast 1.000 globale Marken teilnahmen, bot einen umfassenden \u00dcberblick \u00fcber die neuesten Innovationen [&hellip;]","og_url":"https:\/\/www.adlerelectric.com\/de\/news\/adler-electric-auf-der-solarex-istanbul-2025\/","og_site_name":"ADLER","article_modified_time":"2025-04-25T09:41:08+00:00","og_image":[{"width":1446,"height":630,"url":"https:\/\/www.adlerelectric.com\/uploads\/2025\/04\/Bildschirmfoto-2025-04-25-um-11.30.53.png","type":"image\/png"}],"twitter_card":"summary_large_image","twitter_misc":{"Gesch\u00e4tzte Lesezeit":"2\u00a0Minuten"},"schema":{"@context":"https:\/\/schema.org","@graph":[{"@type":"WebPage","@id":"https:\/\/www.adlerelectric.com\/de\/news\/adler-electric-auf-der-solarex-istanbul-2025\/","url":"https:\/\/www.adlerelectric.com\/de\/news\/adler-electric-auf-der-solarex-istanbul-2025\/","name":"ADLER ELECTRIC auf der Solarex Istanbul 2025 - ADLER","isPartOf":{"@id":"https:\/\/www.adlerelectric.com\/de\/#website"},"primaryImageOfPage":{"@id":"https:\/\/www.adlerelectric.com\/de\/news\/adler-electric-auf-der-solarex-istanbul-2025\/#primaryimage"},"image":{"@id":"https:\/\/www.adlerelectric.com\/de\/news\/adler-electric-auf-der-solarex-istanbul-2025\/#primaryimage"},"thumbnailUrl":"https:\/\/www.adlerelectric.com\/uploads\/2025\/04\/Bildschirmfoto-2025-04-25-um-11.30.53.png","datePublished":"2025-04-12T09:33:42+00:00","dateModified":"2025-04-25T09:41:08+00:00","breadcrumb":{"@id":"https:\/\/www.adlerelectric.com\/de\/news\/adler-electric-auf-der-solarex-istanbul-2025\/#breadcrumb"},"inLanguage":"de","potentialAction":[{"@type":"ReadAction","target":["https:\/\/www.adlerelectric.com\/de\/news\/adler-electric-auf-der-solarex-istanbul-2025\/"]}]},{"@type":"ImageObject","inLanguage":"de","@id":"https:\/\/www.adlerelectric.com\/de\/news\/adler-electric-auf-der-solarex-istanbul-2025\/#primaryimage","url":"https:\/\/www.adlerelectric.com\/uploads\/2025\/04\/Bildschirmfoto-2025-04-25-um-11.30.53.png","contentUrl":"https:\/\/www.adlerelectric.com\/uploads\/2025\/04\/Bildschirmfoto-2025-04-25-um-11.30.53.png","width":1446,"height":630},{"@type":"BreadcrumbList","@id":"https:\/\/www.adlerelectric.com\/de\/news\/adler-electric-auf-der-solarex-istanbul-2025\/#breadcrumb","itemListElement":[{"@type":"ListItem","position":1,"name":"Home","item":"https:\/\/www.adlerelectric.com\/de\/"},{"@type":"ListItem","position":2,"name":"ADLER ELECTRIC auf der Solarex Istanbul 2025"}]},{"@type":"WebSite","@id":"https:\/\/www.adlerelectric.com\/de\/#website","url":"https:\/\/www.adlerelectric.com\/de\/","name":"ADLER","description":"Secure Connection to the Energy Transition","potentialAction":[{"@type":"SearchAction","target":{"@type":"EntryPoint","urlTemplate":"https:\/\/www.adlerelectric.com\/de\/?s={search_term_string}"},"query-input":{"@type":"PropertyValueSpecification","valueRequired":true,"valueName":"search_term_string"}}],"inLanguage":"de"}]}},"_links":{"self":[{"href":"https:\/\/www.adlerelectric.com\/de\/wp-json\/wp\/v2\/news\/30982","targetHints":{"allow":["GET"]}}],"collection":[{"href":"https:\/\/www.adlerelectric.com\/de\/wp-json\/wp\/v2\/news"}],"about":[{"href":"https:\/\/www.adlerelectric.com\/de\/wp-json\/wp\/v2\/types\/news"}],"wp:featuredmedia":[{"embeddable":true,"href":"https:\/\/www.adlerelectric.com\/de\/wp-json\/wp\/v2\/media\/30981"}],"wp:attachment":[{"href":"https:\/\/www.adlerelectric.com\/de\/wp-json\/wp\/v2\/media?parent=30982"}],"wp:term":[{"taxonomy":"topic","embeddable":true,"href":"https:\/\/www.adlerelectric.com\/de\/wp-json\/wp\/v2\/topic?post=30982"}],"curies":[{"name":"wp","href":"https:\/\/api.w.org\/{rel}","templated":true}]}}