{"id":31744,"date":"2025-05-14T20:37:06","date_gmt":"2025-05-14T18:37:06","guid":{"rendered":"https:\/\/www.adlerelectric.com\/?post_type=news&#038;p=31744"},"modified":"2025-05-14T20:49:30","modified_gmt":"2025-05-14T18:49:30","slug":"wir-koennten-marktfuehrer-werden","status":"publish","type":"news","link":"https:\/\/www.adlerelectric.com\/de\/news\/wir-koennten-marktfuehrer-werden\/","title":{"rendered":"&#8222;Wir k\u00f6nnten Marktf\u00fchrer werden.&#8220;"},"content":{"rendered":"\n<figure class=\"wp-block-video\"><video controls src=\"https:\/\/www.adlerelectric.com\/uploads\/2025\/05\/Jesus_klein.mp4\"><\/video><\/figure>\n\n\n\n<p><\/p>\n\n\n\n<h2 class=\"wp-block-heading\">Interview mit dem Chief Technical Officer von Enertronic, Jes\u00fas del Pozuelo Serrano.<\/h2>\n\n\n\n<p>W\u00e4hrend der Intersolar hatten wir die Gelegenheit, mit dem Chief Technical Officer unseres langj\u00e4hrigen und vertrauten Gesch\u00e4ftspartners Enertronic zu sprechen. In unserem Interview spricht er \u00fcber seine Eindr\u00fccke von der Intersolar Europe 2025, die aktuellen Herausforderungen f\u00fcr die Solarbranche und die Zusammenarbeit zwischen Enertronic und ADLER ELECTRIC.<\/p>\n","protected":false},"excerpt":{"rendered":"Interview mit dem Chief Technical Officer von Enertronic, Jes\u00fas del Pozuelo Serrano. W\u00e4hrend der Intersolar hatten wir die Gelegenheit, mit dem Chief Technical Officer unseres langj\u00e4hrigen und vertrauten Gesch\u00e4ftspartners Enertronic zu sprechen. In unserem Interview spricht er \u00fcber seine Eindr\u00fccke von der Intersolar Europe 2025, die aktuellen Herausforderungen f\u00fcr die Solarbranche und die Zusammenarbeit zwischen [&hellip;]","protected":false},"featured_media":31743,"template":"","topic":[],"class_list":["post-31744","news","type-news","status-publish","has-post-thumbnail","hentry"],"yoast_head":"<!-- This site is optimized with the Yoast SEO plugin v26.8 - https:\/\/yoast.com\/product\/yoast-seo-wordpress\/ -->\n<title>&quot;Wir k\u00f6nnten Marktf\u00fchrer werden.&quot; - ADLER<\/title>\n<meta name=\"robots\" content=\"index, follow, max-snippet:-1, max-image-preview:large, max-video-preview:-1\" \/>\n<link rel=\"canonical\" href=\"https:\/\/www.adlerelectric.com\/de\/news\/wir-koennten-marktfuehrer-werden\/\" \/>\n<meta property=\"og:locale\" content=\"de_DE\" \/>\n<meta property=\"og:type\" content=\"article\" \/>\n<meta property=\"og:title\" content=\"&quot;Wir k\u00f6nnten Marktf\u00fchrer werden.&quot; - ADLER\" \/>\n<meta property=\"og:description\" content=\"Interview mit dem Chief Technical Officer von Enertronic, Jes\u00fas del Pozuelo Serrano. W\u00e4hrend der Intersolar hatten wir die Gelegenheit, mit dem Chief Technical Officer unseres langj\u00e4hrigen und vertrauten Gesch\u00e4ftspartners Enertronic zu sprechen. In unserem Interview spricht er \u00fcber seine Eindr\u00fccke von der Intersolar Europe 2025, die aktuellen Herausforderungen f\u00fcr die Solarbranche und die Zusammenarbeit zwischen [&hellip;]\" \/>\n<meta property=\"og:url\" content=\"https:\/\/www.adlerelectric.com\/de\/news\/wir-koennten-marktfuehrer-werden\/\" \/>\n<meta property=\"og:site_name\" content=\"ADLER\" \/>\n<meta property=\"article:modified_time\" content=\"2025-05-14T18:49:30+00:00\" \/>\n<meta property=\"og:image\" content=\"https:\/\/www.adlerelectric.com\/uploads\/2025\/05\/Bildschirmfoto-2025-05-14-um-20.35.19.png\" \/>\n\t<meta property=\"og:image:width\" content=\"1371\" \/>\n\t<meta property=\"og:image:height\" content=\"863\" \/>\n\t<meta property=\"og:image:type\" content=\"image\/png\" \/>\n<meta name=\"twitter:card\" content=\"summary_large_image\" \/>\n<meta name=\"twitter:label1\" content=\"Gesch\u00e4tzte Lesezeit\" \/>\n\t<meta name=\"twitter:data1\" content=\"1\u00a0Minute\" \/>\n<script type=\"application\/ld+json\" class=\"yoast-schema-graph\">{\"@context\":\"https:\/\/schema.org\",\"@graph\":[{\"@type\":\"WebPage\",\"@id\":\"https:\/\/www.adlerelectric.com\/de\/news\/wir-koennten-marktfuehrer-werden\/\",\"url\":\"https:\/\/www.adlerelectric.com\/de\/news\/wir-koennten-marktfuehrer-werden\/\",\"name\":\"\\\"Wir k\u00f6nnten Marktf\u00fchrer werden.\\\" - ADLER\",\"isPartOf\":{\"@id\":\"https:\/\/www.adlerelectric.com\/de\/#website\"},\"primaryImageOfPage\":{\"@id\":\"https:\/\/www.adlerelectric.com\/de\/news\/wir-koennten-marktfuehrer-werden\/#primaryimage\"},\"image\":{\"@id\":\"https:\/\/www.adlerelectric.com\/de\/news\/wir-koennten-marktfuehrer-werden\/#primaryimage\"},\"thumbnailUrl\":\"https:\/\/www.adlerelectric.com\/uploads\/2025\/05\/Bildschirmfoto-2025-05-14-um-20.35.19.png\",\"datePublished\":\"2025-05-14T18:37:06+00:00\",\"dateModified\":\"2025-05-14T18:49:30+00:00\",\"breadcrumb\":{\"@id\":\"https:\/\/www.adlerelectric.com\/de\/news\/wir-koennten-marktfuehrer-werden\/#breadcrumb\"},\"inLanguage\":\"de\",\"potentialAction\":[{\"@type\":\"ReadAction\",\"target\":[\"https:\/\/www.adlerelectric.com\/de\/news\/wir-koennten-marktfuehrer-werden\/\"]}]},{\"@type\":\"ImageObject\",\"inLanguage\":\"de\",\"@id\":\"https:\/\/www.adlerelectric.com\/de\/news\/wir-koennten-marktfuehrer-werden\/#primaryimage\",\"url\":\"https:\/\/www.adlerelectric.com\/uploads\/2025\/05\/Bildschirmfoto-2025-05-14-um-20.35.19.png\",\"contentUrl\":\"https:\/\/www.adlerelectric.com\/uploads\/2025\/05\/Bildschirmfoto-2025-05-14-um-20.35.19.png\",\"width\":1371,\"height\":863},{\"@type\":\"BreadcrumbList\",\"@id\":\"https:\/\/www.adlerelectric.com\/de\/news\/wir-koennten-marktfuehrer-werden\/#breadcrumb\",\"itemListElement\":[{\"@type\":\"ListItem\",\"position\":1,\"name\":\"Home\",\"item\":\"https:\/\/www.adlerelectric.com\/de\/\"},{\"@type\":\"ListItem\",\"position\":2,\"name\":\"&#8222;Wir k\u00f6nnten Marktf\u00fchrer werden.&#8220;\"}]},{\"@type\":\"WebSite\",\"@id\":\"https:\/\/www.adlerelectric.com\/de\/#website\",\"url\":\"https:\/\/www.adlerelectric.com\/de\/\",\"name\":\"ADLER\",\"description\":\"Secure Connection to the Energy Transition\",\"potentialAction\":[{\"@type\":\"SearchAction\",\"target\":{\"@type\":\"EntryPoint\",\"urlTemplate\":\"https:\/\/www.adlerelectric.com\/de\/?s={search_term_string}\"},\"query-input\":{\"@type\":\"PropertyValueSpecification\",\"valueRequired\":true,\"valueName\":\"search_term_string\"}}],\"inLanguage\":\"de\"}]}<\/script>\n<!-- \/ Yoast SEO plugin. -->","yoast_head_json":{"title":"\"Wir k\u00f6nnten Marktf\u00fchrer werden.\" - ADLER","robots":{"index":"index","follow":"follow","max-snippet":"max-snippet:-1","max-image-preview":"max-image-preview:large","max-video-preview":"max-video-preview:-1"},"canonical":"https:\/\/www.adlerelectric.com\/de\/news\/wir-koennten-marktfuehrer-werden\/","og_locale":"de_DE","og_type":"article","og_title":"\"Wir k\u00f6nnten Marktf\u00fchrer werden.\" - ADLER","og_description":"Interview mit dem Chief Technical Officer von Enertronic, Jes\u00fas del Pozuelo Serrano. W\u00e4hrend der Intersolar hatten wir die Gelegenheit, mit dem Chief Technical Officer unseres langj\u00e4hrigen und vertrauten Gesch\u00e4ftspartners Enertronic zu sprechen. In unserem Interview spricht er \u00fcber seine Eindr\u00fccke von der Intersolar Europe 2025, die aktuellen Herausforderungen f\u00fcr die Solarbranche und die Zusammenarbeit zwischen [&hellip;]","og_url":"https:\/\/www.adlerelectric.com\/de\/news\/wir-koennten-marktfuehrer-werden\/","og_site_name":"ADLER","article_modified_time":"2025-05-14T18:49:30+00:00","og_image":[{"width":1371,"height":863,"url":"https:\/\/www.adlerelectric.com\/uploads\/2025\/05\/Bildschirmfoto-2025-05-14-um-20.35.19.png","type":"image\/png"}],"twitter_card":"summary_large_image","twitter_misc":{"Gesch\u00e4tzte Lesezeit":"1\u00a0Minute"},"schema":{"@context":"https:\/\/schema.org","@graph":[{"@type":"WebPage","@id":"https:\/\/www.adlerelectric.com\/de\/news\/wir-koennten-marktfuehrer-werden\/","url":"https:\/\/www.adlerelectric.com\/de\/news\/wir-koennten-marktfuehrer-werden\/","name":"\"Wir k\u00f6nnten Marktf\u00fchrer werden.\" - ADLER","isPartOf":{"@id":"https:\/\/www.adlerelectric.com\/de\/#website"},"primaryImageOfPage":{"@id":"https:\/\/www.adlerelectric.com\/de\/news\/wir-koennten-marktfuehrer-werden\/#primaryimage"},"image":{"@id":"https:\/\/www.adlerelectric.com\/de\/news\/wir-koennten-marktfuehrer-werden\/#primaryimage"},"thumbnailUrl":"https:\/\/www.adlerelectric.com\/uploads\/2025\/05\/Bildschirmfoto-2025-05-14-um-20.35.19.png","datePublished":"2025-05-14T18:37:06+00:00","dateModified":"2025-05-14T18:49:30+00:00","breadcrumb":{"@id":"https:\/\/www.adlerelectric.com\/de\/news\/wir-koennten-marktfuehrer-werden\/#breadcrumb"},"inLanguage":"de","potentialAction":[{"@type":"ReadAction","target":["https:\/\/www.adlerelectric.com\/de\/news\/wir-koennten-marktfuehrer-werden\/"]}]},{"@type":"ImageObject","inLanguage":"de","@id":"https:\/\/www.adlerelectric.com\/de\/news\/wir-koennten-marktfuehrer-werden\/#primaryimage","url":"https:\/\/www.adlerelectric.com\/uploads\/2025\/05\/Bildschirmfoto-2025-05-14-um-20.35.19.png","contentUrl":"https:\/\/www.adlerelectric.com\/uploads\/2025\/05\/Bildschirmfoto-2025-05-14-um-20.35.19.png","width":1371,"height":863},{"@type":"BreadcrumbList","@id":"https:\/\/www.adlerelectric.com\/de\/news\/wir-koennten-marktfuehrer-werden\/#breadcrumb","itemListElement":[{"@type":"ListItem","position":1,"name":"Home","item":"https:\/\/www.adlerelectric.com\/de\/"},{"@type":"ListItem","position":2,"name":"&#8222;Wir k\u00f6nnten Marktf\u00fchrer werden.&#8220;"}]},{"@type":"WebSite","@id":"https:\/\/www.adlerelectric.com\/de\/#website","url":"https:\/\/www.adlerelectric.com\/de\/","name":"ADLER","description":"Secure Connection to the Energy Transition","potentialAction":[{"@type":"SearchAction","target":{"@type":"EntryPoint","urlTemplate":"https:\/\/www.adlerelectric.com\/de\/?s={search_term_string}"},"query-input":{"@type":"PropertyValueSpecification","valueRequired":true,"valueName":"search_term_string"}}],"inLanguage":"de"}]}},"_links":{"self":[{"href":"https:\/\/www.adlerelectric.com\/de\/wp-json\/wp\/v2\/news\/31744","targetHints":{"allow":["GET"]}}],"collection":[{"href":"https:\/\/www.adlerelectric.com\/de\/wp-json\/wp\/v2\/news"}],"about":[{"href":"https:\/\/www.adlerelectric.com\/de\/wp-json\/wp\/v2\/types\/news"}],"wp:featuredmedia":[{"embeddable":true,"href":"https:\/\/www.adlerelectric.com\/de\/wp-json\/wp\/v2\/media\/31743"}],"wp:attachment":[{"href":"https:\/\/www.adlerelectric.com\/de\/wp-json\/wp\/v2\/media?parent=31744"}],"wp:term":[{"taxonomy":"topic","embeddable":true,"href":"https:\/\/www.adlerelectric.com\/de\/wp-json\/wp\/v2\/topic?post=31744"}],"curies":[{"name":"wp","href":"https:\/\/api.w.org\/{rel}","templated":true}]}}