{"id":38547,"date":"2026-04-27T10:13:32","date_gmt":"2026-04-27T08:13:32","guid":{"rendered":"https:\/\/www.adlerelectric.com\/?post_type=news&#038;p=38547"},"modified":"2026-04-27T10:13:34","modified_gmt":"2026-04-27T08:13:34","slug":"battery-show-europe-2026","status":"publish","type":"news","link":"https:\/\/www.adlerelectric.com\/de\/news\/battery-show-europe-2026\/","title":{"rendered":"Treffen Sie uns auf der Battery Show Europe 2026"},"content":{"rendered":"\n<figure class=\"wp-block-image size-full\"><img decoding=\"async\" width=\"1024\" height=\"500\" data-src=\"https:\/\/www.adlerelectric.com\/uploads\/2026\/04\/Battery-Show-Event_DE_final.png\" alt=\"Banner zur Teilnahme von Adler Electric auf der Battery Show Europe 2026 mit Standnummer\" class=\"wp-image-38575 lazyload\" data-srcset=\"https:\/\/www.adlerelectric.com\/uploads\/2026\/04\/Battery-Show-Event_DE_final.png 1024w, https:\/\/www.adlerelectric.com\/uploads\/2026\/04\/Battery-Show-Event_DE_final-300x146.png 300w, https:\/\/www.adlerelectric.com\/uploads\/2026\/04\/Battery-Show-Event_DE_final-768x375.png 768w, https:\/\/www.adlerelectric.com\/uploads\/2026\/04\/Battery-Show-Event_DE_final-600x293.png 600w\" data-sizes=\"(max-width: 1024px) 100vw, 1024px\" src=\"data:image\/svg+xml;base64,PHN2ZyB3aWR0aD0iMSIgaGVpZ2h0PSIxIiB4bWxucz0iaHR0cDovL3d3dy53My5vcmcvMjAwMC9zdmciPjwvc3ZnPg==\" style=\"--smush-placeholder-width: 1024px; --smush-placeholder-aspect-ratio: 1024\/500;\" \/><\/figure>\n\n\n\n<h2 class=\"wp-block-heading\">DC-Schutz f\u00fcr jedes EV-Projekt: zuverl\u00e4ssig, zertifiziert, z\u00fcgig geliefert.<\/h2>\n\n\n\n<p>Vom <strong>09. bis 11. Juni 2026<\/strong> ist ADLER ELECTRIC erneut auf der Battery Show Europe in Stuttgart vertreten. Besuchen Sie uns in <strong>Halle 1, Stand 1-E71,<\/strong> und erleben Sie, wie hochwertige DC-Sicherungen die <strong>Sicherheit, Effizienz und Skalierbarkeit<\/strong> Ihrer Anwendungen nachhaltig verbessern.<\/p>\n\n\n\n<div class=\"wp-block-buttons is-layout-flex wp-block-buttons-is-layout-flex\">\n<div class=\"wp-block-button\"><a class=\"wp-block-button__link wp-element-button\" href=\"#termin\">Jetzt Termin vereinbaren<\/a><\/div>\n<\/div>\n\n\n\n<div style=\"height:40px\" aria-hidden=\"true\" class=\"wp-block-spacer\"><\/div>\n\n\n\n<p>Als starker Partner f\u00fcr DC-Hochvolt-Sicherungen in der E-Mobilit\u00e4t \u2013 von der Fahrzeugentwicklung bis hin zu Ladeinfrastrukturprojekten \u2013 sowie f\u00fcr Batterie-Energiespeichersysteme steht ADLER ELECTRIC <strong>f\u00fcr maximale System-Sicherheit bei minimalem Lieferkettenrisiko<\/strong>. Unsere L\u00f6sungen sind zertifiziert, praxiserprobt und konsequent auf die Anforderungen europ\u00e4ischer OEMs mit EV-Fokus, PDU-Hersteller und Projektplaner f\u00fcr Charger zugeschnitten.<\/p>\n\n\n\n<h3 class=\"wp-block-heading\">Warum ADLER ELECTRIC:<\/h3>\n\n\n\n<ul class=\"wp-block-list\">\n<li><strong>Hohe Planungssicherheit:<\/strong> kurze Lieferzeiten, keine Mindestbestellmengen, Versand aus Deutschland<\/li>\n\n\n\n<li><strong>Erprobte Qualit\u00e4t:<\/strong> Produkt-Zertifizierung nach nationalen und internationalen Standards (z.B. T\u00dcV), zuverl\u00e4ssiger Schutz vor \u00dcberlast und Kurzschluss<\/li>\n\n\n\n<li><strong>Skalierbar f\u00fcr jedes Projekt:<\/strong> fundierte technische Beratung, langj\u00e4hrige Projekterfahrung im EV-Bereich, Flexibilit\u00e4t durch breite Produktauswahl<\/li>\n<\/ul>\n\n\n\n<p>\u00dcberzeugen Sie sich vor Ort: Vereinbaren Sie direkt einen Gespr\u00e4chstermin mit unseren Experten, um Ihre konkreten Anforderungen gezielt zu besprechen \u2013 oder besuchen Sie uns spontan. Wir freuen uns auf den Austausch!<\/p>\n\n\n\n<p><\/p>\n\n\n\n<div class=\"wp-block-cover alignfull is-light\" id=\"booking\"><span aria-hidden=\"true\" class=\"wp-block-cover__background has-lighten-background-color has-background-dim-100 has-background-dim\"><\/span><div class=\"wp-block-cover__inner-container is-layout-constrained wp-block-cover-is-layout-constrained\">\n<h2 class=\"wp-block-heading has-text-align-center\" id=\"termin\">Buchen Sie Ihren Termin, indem Sie das<br>f\u00fcr Sie passende Datum ausw\u00e4hlen.<\/h2>\n\n\n\n<div class=\"wp-block-cover alignwide is-light contact__wrapper\"><span aria-hidden=\"true\" class=\"wp-block-cover__background has-white-background-color has-background-dim-100 has-background-dim\"><\/span><div class=\"wp-block-cover__inner-container is-layout-flow wp-block-cover-is-layout-flow\">\n\n<div class=\"event__contact-form active\">\n    <div id=\"form_container\">\n    <\/div>\n<\/div>\n\n    <script type=\"text\/javascript\">\n        (function($) {\n            'use strict';\n\n            $(document).ready(function() {\n                const smartForm = new SmartForm({\n                    interface_domain: \"content.adlerelectric.com\",\n                    form_sid: \"9ts88.2mgek6m\",\n                    form_container_id: \"form_container\",\n                    form_id_prefix: \"\",\n                    profile_id: \"\",\n                    language: 'de',\n                    source: 'https:\/\/www.adlerelectric.com\/de\/news\/battery-show-europe-2026\/',\n                    formType: 'event'\n                });\n                smartForm.get_form_data('event');\n            });\n        })(jQuery);\n    <\/script>\n\n<\/div><\/div>\n\n\n\n<div class=\"wp-block-cover alignfull is-light\"><span aria-hidden=\"true\" class=\"wp-block-cover__background has-gray-background-color has-background-dim-100 has-background-dim\"><\/span><div class=\"wp-block-cover__inner-container is-layout-constrained wp-block-cover-is-layout-constrained\">\n<h2 class=\"wp-block-heading has-text-align-center\">Sichern Sie sich Ihr kostenloses Messeticket!<\/h2>\n\n\n\n<p class=\"has-text-align-center contact__wrapper\">Nutzen Sie folgenden Promocode f\u00fcr ein Gratis-Messeticket sowie 20 % Rabatt auf den Conference Pass.<\/p>\n\n\n\n<div class=\"wp-block-buttons is-content-justification-center is-layout-flex wp-container-core-buttons-is-layout-16018d1d wp-block-buttons-is-layout-flex\">\n<div class=\"wp-block-button\"><a class=\"wp-block-button__link wp-element-button\" href=\"https:\/\/register.thebatteryshow.eu\/GuestInvites\" target=\"_blank\" rel=\"noreferrer noopener\">Hier registrieren<\/a><\/div>\n<\/div>\n\n\n\n<p><\/p>\n\n\n\n<p class=\"has-text-align-center\"><strong>Promocode:<\/strong> INVT683113<\/p>\n<\/div><\/div>\n<\/div><\/div>\n","protected":false},"excerpt":{"rendered":"DC-Schutz f\u00fcr jedes EV-Projekt: zuverl\u00e4ssig, zertifiziert, z\u00fcgig geliefert. Vom 09. bis 11. Juni 2026 ist ADLER ELECTRIC erneut auf der Battery Show Europe in Stuttgart vertreten. Besuchen Sie uns in Halle 1, Stand 1-E71, und erleben Sie, wie hochwertige DC-Sicherungen die Sicherheit, Effizienz und Skalierbarkeit Ihrer Anwendungen nachhaltig verbessern. Als starker Partner f\u00fcr DC-Hochvolt-Sicherungen in [&hellip;]","protected":false},"featured_media":38568,"template":"","topic":[],"class_list":["post-38547","news","type-news","status-publish","has-post-thumbnail","hentry"],"yoast_head":"<!-- This site is optimized with the Yoast SEO plugin v26.8 - https:\/\/yoast.com\/product\/yoast-seo-wordpress\/ -->\n<title>ADLER ELECTRIC auf der Battery Show Europe 2026 - ADLER<\/title>\n<meta name=\"description\" content=\"Zertifizierte DC-Sicherungen f\u00fcr EV-Projekte entdecken: Treffen Sie uns auf der Battery Show Europe, 9.-11.6.2026! Jetzt Termin sichern \u00bb\" \/>\n<meta name=\"robots\" content=\"index, follow, max-snippet:-1, max-image-preview:large, max-video-preview:-1\" \/>\n<link rel=\"canonical\" href=\"https:\/\/www.adlerelectric.com\/de\/news\/battery-show-europe-2026\/\" \/>\n<meta property=\"og:locale\" content=\"de_DE\" \/>\n<meta property=\"og:type\" content=\"article\" \/>\n<meta property=\"og:title\" content=\"ADLER ELECTRIC auf der Battery Show Europe 2026 - ADLER\" \/>\n<meta property=\"og:description\" content=\"Zertifizierte DC-Sicherungen f\u00fcr EV-Projekte entdecken: Treffen Sie uns auf der Battery Show Europe, 9.-11.6.2026! Jetzt Termin sichern \u00bb\" \/>\n<meta property=\"og:url\" content=\"https:\/\/www.adlerelectric.com\/de\/news\/battery-show-europe-2026\/\" \/>\n<meta property=\"og:site_name\" content=\"ADLER\" \/>\n<meta property=\"article:modified_time\" content=\"2026-04-27T08:13:34+00:00\" \/>\n<meta property=\"og:image\" content=\"https:\/\/www.adlerelectric.com\/uploads\/2026\/04\/Header-Messenews-BatteryShow-2026-Logo.jpg\" \/>\n\t<meta property=\"og:image:width\" content=\"1920\" \/>\n\t<meta property=\"og:image:height\" content=\"1080\" \/>\n\t<meta property=\"og:image:type\" content=\"image\/jpeg\" \/>\n<meta name=\"twitter:card\" content=\"summary_large_image\" \/>\n<meta name=\"twitter:label1\" content=\"Gesch\u00e4tzte Lesezeit\" \/>\n\t<meta name=\"twitter:data1\" content=\"1\u00a0Minute\" \/>\n<script type=\"application\/ld+json\" class=\"yoast-schema-graph\">{\"@context\":\"https:\/\/schema.org\",\"@graph\":[{\"@type\":\"WebPage\",\"@id\":\"https:\/\/www.adlerelectric.com\/de\/news\/battery-show-europe-2026\/\",\"url\":\"https:\/\/www.adlerelectric.com\/de\/news\/battery-show-europe-2026\/\",\"name\":\"ADLER ELECTRIC auf der Battery Show Europe 2026 - ADLER\",\"isPartOf\":{\"@id\":\"https:\/\/www.adlerelectric.com\/de\/#website\"},\"primaryImageOfPage\":{\"@id\":\"https:\/\/www.adlerelectric.com\/de\/news\/battery-show-europe-2026\/#primaryimage\"},\"image\":{\"@id\":\"https:\/\/www.adlerelectric.com\/de\/news\/battery-show-europe-2026\/#primaryimage\"},\"thumbnailUrl\":\"https:\/\/www.adlerelectric.com\/uploads\/2026\/04\/Header-Messenews-BatteryShow-2026-Logo.jpg\",\"datePublished\":\"2026-04-27T08:13:32+00:00\",\"dateModified\":\"2026-04-27T08:13:34+00:00\",\"description\":\"Zertifizierte DC-Sicherungen f\u00fcr EV-Projekte entdecken: Treffen Sie uns auf der Battery Show Europe, 9.-11.6.2026! Jetzt Termin sichern \u00bb\",\"breadcrumb\":{\"@id\":\"https:\/\/www.adlerelectric.com\/de\/news\/battery-show-europe-2026\/#breadcrumb\"},\"inLanguage\":\"de\",\"potentialAction\":[{\"@type\":\"ReadAction\",\"target\":[\"https:\/\/www.adlerelectric.com\/de\/news\/battery-show-europe-2026\/\"]}]},{\"@type\":\"ImageObject\",\"inLanguage\":\"de\",\"@id\":\"https:\/\/www.adlerelectric.com\/de\/news\/battery-show-europe-2026\/#primaryimage\",\"url\":\"https:\/\/www.adlerelectric.com\/uploads\/2026\/04\/Header-Messenews-BatteryShow-2026-Logo.jpg\",\"contentUrl\":\"https:\/\/www.adlerelectric.com\/uploads\/2026\/04\/Header-Messenews-BatteryShow-2026-Logo.jpg\",\"width\":1920,\"height\":1080,\"caption\":\"Presentation of Adler DC fuses at the Battery Show Europe\"},{\"@type\":\"BreadcrumbList\",\"@id\":\"https:\/\/www.adlerelectric.com\/de\/news\/battery-show-europe-2026\/#breadcrumb\",\"itemListElement\":[{\"@type\":\"ListItem\",\"position\":1,\"name\":\"Home\",\"item\":\"https:\/\/www.adlerelectric.com\/de\/\"},{\"@type\":\"ListItem\",\"position\":2,\"name\":\"Treffen Sie uns auf der Battery Show Europe 2026\"}]},{\"@type\":\"WebSite\",\"@id\":\"https:\/\/www.adlerelectric.com\/de\/#website\",\"url\":\"https:\/\/www.adlerelectric.com\/de\/\",\"name\":\"ADLER\",\"description\":\"Secure Connection to the Energy Transition\",\"potentialAction\":[{\"@type\":\"SearchAction\",\"target\":{\"@type\":\"EntryPoint\",\"urlTemplate\":\"https:\/\/www.adlerelectric.com\/de\/?s={search_term_string}\"},\"query-input\":{\"@type\":\"PropertyValueSpecification\",\"valueRequired\":true,\"valueName\":\"search_term_string\"}}],\"inLanguage\":\"de\"}]}<\/script>\n<!-- \/ Yoast SEO plugin. -->","yoast_head_json":{"title":"ADLER ELECTRIC auf der Battery Show Europe 2026 - ADLER","description":"Zertifizierte DC-Sicherungen f\u00fcr EV-Projekte entdecken: Treffen Sie uns auf der Battery Show Europe, 9.-11.6.2026! Jetzt Termin sichern \u00bb","robots":{"index":"index","follow":"follow","max-snippet":"max-snippet:-1","max-image-preview":"max-image-preview:large","max-video-preview":"max-video-preview:-1"},"canonical":"https:\/\/www.adlerelectric.com\/de\/news\/battery-show-europe-2026\/","og_locale":"de_DE","og_type":"article","og_title":"ADLER ELECTRIC auf der Battery Show Europe 2026 - ADLER","og_description":"Zertifizierte DC-Sicherungen f\u00fcr EV-Projekte entdecken: Treffen Sie uns auf der Battery Show Europe, 9.-11.6.2026! Jetzt Termin sichern \u00bb","og_url":"https:\/\/www.adlerelectric.com\/de\/news\/battery-show-europe-2026\/","og_site_name":"ADLER","article_modified_time":"2026-04-27T08:13:34+00:00","og_image":[{"width":1920,"height":1080,"url":"https:\/\/www.adlerelectric.com\/uploads\/2026\/04\/Header-Messenews-BatteryShow-2026-Logo.jpg","type":"image\/jpeg"}],"twitter_card":"summary_large_image","twitter_misc":{"Gesch\u00e4tzte Lesezeit":"1\u00a0Minute"},"schema":{"@context":"https:\/\/schema.org","@graph":[{"@type":"WebPage","@id":"https:\/\/www.adlerelectric.com\/de\/news\/battery-show-europe-2026\/","url":"https:\/\/www.adlerelectric.com\/de\/news\/battery-show-europe-2026\/","name":"ADLER ELECTRIC auf der Battery Show Europe 2026 - ADLER","isPartOf":{"@id":"https:\/\/www.adlerelectric.com\/de\/#website"},"primaryImageOfPage":{"@id":"https:\/\/www.adlerelectric.com\/de\/news\/battery-show-europe-2026\/#primaryimage"},"image":{"@id":"https:\/\/www.adlerelectric.com\/de\/news\/battery-show-europe-2026\/#primaryimage"},"thumbnailUrl":"https:\/\/www.adlerelectric.com\/uploads\/2026\/04\/Header-Messenews-BatteryShow-2026-Logo.jpg","datePublished":"2026-04-27T08:13:32+00:00","dateModified":"2026-04-27T08:13:34+00:00","description":"Zertifizierte DC-Sicherungen f\u00fcr EV-Projekte entdecken: Treffen Sie uns auf der Battery Show Europe, 9.-11.6.2026! Jetzt Termin sichern \u00bb","breadcrumb":{"@id":"https:\/\/www.adlerelectric.com\/de\/news\/battery-show-europe-2026\/#breadcrumb"},"inLanguage":"de","potentialAction":[{"@type":"ReadAction","target":["https:\/\/www.adlerelectric.com\/de\/news\/battery-show-europe-2026\/"]}]},{"@type":"ImageObject","inLanguage":"de","@id":"https:\/\/www.adlerelectric.com\/de\/news\/battery-show-europe-2026\/#primaryimage","url":"https:\/\/www.adlerelectric.com\/uploads\/2026\/04\/Header-Messenews-BatteryShow-2026-Logo.jpg","contentUrl":"https:\/\/www.adlerelectric.com\/uploads\/2026\/04\/Header-Messenews-BatteryShow-2026-Logo.jpg","width":1920,"height":1080,"caption":"Presentation of Adler DC fuses at the Battery Show Europe"},{"@type":"BreadcrumbList","@id":"https:\/\/www.adlerelectric.com\/de\/news\/battery-show-europe-2026\/#breadcrumb","itemListElement":[{"@type":"ListItem","position":1,"name":"Home","item":"https:\/\/www.adlerelectric.com\/de\/"},{"@type":"ListItem","position":2,"name":"Treffen Sie uns auf der Battery Show Europe 2026"}]},{"@type":"WebSite","@id":"https:\/\/www.adlerelectric.com\/de\/#website","url":"https:\/\/www.adlerelectric.com\/de\/","name":"ADLER","description":"Secure Connection to the Energy Transition","potentialAction":[{"@type":"SearchAction","target":{"@type":"EntryPoint","urlTemplate":"https:\/\/www.adlerelectric.com\/de\/?s={search_term_string}"},"query-input":{"@type":"PropertyValueSpecification","valueRequired":true,"valueName":"search_term_string"}}],"inLanguage":"de"}]}},"_links":{"self":[{"href":"https:\/\/www.adlerelectric.com\/de\/wp-json\/wp\/v2\/news\/38547","targetHints":{"allow":["GET"]}}],"collection":[{"href":"https:\/\/www.adlerelectric.com\/de\/wp-json\/wp\/v2\/news"}],"about":[{"href":"https:\/\/www.adlerelectric.com\/de\/wp-json\/wp\/v2\/types\/news"}],"wp:featuredmedia":[{"embeddable":true,"href":"https:\/\/www.adlerelectric.com\/de\/wp-json\/wp\/v2\/media\/38568"}],"wp:attachment":[{"href":"https:\/\/www.adlerelectric.com\/de\/wp-json\/wp\/v2\/media?parent=38547"}],"wp:term":[{"taxonomy":"topic","embeddable":true,"href":"https:\/\/www.adlerelectric.com\/de\/wp-json\/wp\/v2\/topic?post=38547"}],"curies":[{"name":"wp","href":"https:\/\/api.w.org\/{rel}","templated":true}]}}